{"id":5041,"date":"2014-03-19T18:43:54","date_gmt":"2014-03-19T17:43:54","guid":{"rendered":"http:\/\/wfdfi.adfi-ci.org\/?p=5041"},"modified":"2014-03-19T18:43:54","modified_gmt":"2014-03-19T17:43:54","slug":"meeting-to-be-held-on-march-17-montevideo-will-receive-alides-board-of-directors","status":"publish","type":"post","link":"https:\/\/wfdfi.org\/en\/meeting-to-be-held-on-march-17-montevideo-will-receive-alides-board-of-directors\/","title":{"rendered":"Meeting To Be Held on March 17 Montevideo will receive ALIDE\u2019s Board of Directors"},"content":{"rendered":"<p>On March 17, the CXXIX ALIDE\u2019s Board of Directors Meeting will be held in Montevideo, Uruguay. The members will also attend \u2013 in the same city \u2013 to a seminar organized by ALIDE and the Banco de la Rep\u00fablica Oriental de Uruguay (Bank of the Oriental Republic of Uruguay \u2013 BROU), and to the Annual Board of Governors of the Inter-American Development Bank Meeting (BID).<\/p>\n<p>During the meeting, institutional subjects will be addressed, the work program progresses 2012-2013 will be analyzed and the final details of the 42\u00b0 ALIDE\u2019s Shareholders\u2019 Meeting will be defined. This meeting will focus on the inclusion from the bank of development banking and it will be held in Quito, Ecuador on May 8 and 9.<\/p>\n<p>As was stated before, the Board of Directors members are: ALIDE\u2019s Chairman, Rodrigo S\u00e1nchez M\u00fajica, who is also general director of Fideicomisos Instituidos en Relaci\u00f3n con la Agricultura (FIRA) -Banco de M\u00e9xico (Trustfunds created in Relation to Agriculture \u2013 Bank of Mexico); the Vice-chairman Fernando Calloia, who is also Chairman of the Banco de la Rep\u00fablica Oriental del Uruguay (BROU); and the directors: Mauro Alem, chairman of the Banco de Inversi\u00f3n y Comercio Exterior (BICE) (Investment and Foreign Trade Bank) of Argentina, Fernando Ant\u00fan, general manager of the Banco Nacional de Fomento de la Vivienda y la Producci\u00f3n (BNV) (National Bank of Production and Housing Promotion) of Domincan Republic, and Santiago Rojas, chairman of the Banco de Comercio Exterior de Colombia (Banc\u00f3ldex) (Colombian foreign trade bank).<\/p>\n<p>Rommel Acevedo, ALIDE General Secretary, is also a Board member.<\/p>\n","protected":false},"excerpt":{"rendered":"<p>On March 17, the CXXIX ALIDE\u2019s Board of Directors Meeting will be held in Montevideo, Uruguay. The members will also attend \u2013 in the same city \u2013 to a seminar organized by ALIDE and the Banco de la Rep\u00fablica Oriental de Uruguay (Bank of the Oriental Republic of Uruguay \u2013 BROU), and to the Annual [&hellip;]<\/p>\n","protected":false},"author":3,"featured_media":0,"comment_status":"closed","ping_status":"closed","sticky":false,"template":"","format":"standard","meta":{"_acf_changed":false,"footnotes":""},"categories":[248,7],"tags":[],"class_list":["post-5041","post","type-post","status-publish","format-standard","hentry","category-alide","category-members-news"],"acf":[],"yoast_head":"<!-- This site is optimized with the Yoast SEO plugin v24.5 - https:\/\/yoast.com\/wordpress\/plugins\/seo\/ -->\n<title>Meeting To Be Held on March 17 Montevideo will receive ALIDE\u2019s Board of Directors - World Federation of Development Financing Institutions<\/title>\n<meta name=\"robots\" content=\"index, follow, max-snippet:-1, max-image-preview:large, max-video-preview:-1\" \/>\n<link rel=\"canonical\" href=\"https:\/\/wfdfi.org\/en\/meeting-to-be-held-on-march-17-montevideo-will-receive-alides-board-of-directors\/\" \/>\n<meta property=\"og:locale\" content=\"en_US\" \/>\n<meta property=\"og:type\" content=\"article\" \/>\n<meta property=\"og:title\" content=\"Meeting To Be Held on March 17 Montevideo will receive ALIDE\u2019s Board of Directors - World Federation of Development Financing Institutions\" \/>\n<meta property=\"og:description\" content=\"On March 17, the CXXIX ALIDE\u2019s Board of Directors Meeting will be held in Montevideo, Uruguay. The members will also attend \u2013 in the same city \u2013 to a seminar organized by ALIDE and the Banco de la Rep\u00fablica Oriental de Uruguay (Bank of the Oriental Republic of Uruguay \u2013 BROU), and to the Annual [&hellip;]\" \/>\n<meta property=\"og:url\" content=\"https:\/\/wfdfi.org\/en\/meeting-to-be-held-on-march-17-montevideo-will-receive-alides-board-of-directors\/\" \/>\n<meta property=\"og:site_name\" content=\"World Federation of Development Financing Institutions\" \/>\n<meta property=\"article:published_time\" content=\"2014-03-19T17:43:54+00:00\" \/>\n<meta name=\"author\" content=\"Andrea Villafranca comunicaciones\" \/>\n<meta name=\"twitter:card\" content=\"summary_large_image\" \/>\n<meta name=\"twitter:creator\" content=\"@WFDFI_\" \/>\n<meta name=\"twitter:site\" content=\"@WFDFI_\" \/>\n<meta name=\"twitter:label1\" content=\"Written by\" \/>\n\t<meta name=\"twitter:data1\" content=\"Andrea Villafranca comunicaciones\" \/>\n\t<meta name=\"twitter:label2\" content=\"Est. reading time\" \/>\n\t<meta name=\"twitter:data2\" content=\"1 minute\" \/>\n<script type=\"application\/ld+json\" class=\"yoast-schema-graph\">{\"@context\":\"https:\/\/schema.org\",\"@graph\":[{\"@type\":\"Article\",\"@id\":\"https:\/\/wfdfi.org\/meeting-to-be-held-on-march-17-montevideo-will-receive-alides-board-of-directors\/#article\",\"isPartOf\":{\"@id\":\"https:\/\/wfdfi.org\/meeting-to-be-held-on-march-17-montevideo-will-receive-alides-board-of-directors\/\"},\"author\":{\"name\":\"Andrea Villafranca comunicaciones\",\"@id\":\"https:\/\/wfdfi.org\/#\/schema\/person\/79bba90efc57f8702edd5344ec46c5dc\"},\"headline\":\"Meeting To Be Held on March 17 Montevideo will receive ALIDE\u2019s Board of Directors\",\"datePublished\":\"2014-03-19T17:43:54+00:00\",\"mainEntityOfPage\":{\"@id\":\"https:\/\/wfdfi.org\/meeting-to-be-held-on-march-17-montevideo-will-receive-alides-board-of-directors\/\"},\"wordCount\":275,\"publisher\":{\"@id\":\"https:\/\/wfdfi.org\/#organization\"},\"articleSection\":[\"ALIDE\",\"Members News\"],\"inLanguage\":\"en-US\"},{\"@type\":\"WebPage\",\"@id\":\"https:\/\/wfdfi.org\/meeting-to-be-held-on-march-17-montevideo-will-receive-alides-board-of-directors\/\",\"url\":\"https:\/\/wfdfi.org\/meeting-to-be-held-on-march-17-montevideo-will-receive-alides-board-of-directors\/\",\"name\":\"Meeting To Be Held on March 17 Montevideo will receive ALIDE\u2019s Board of Directors - World Federation of Development Financing Institutions\",\"isPartOf\":{\"@id\":\"https:\/\/wfdfi.org\/#website\"},\"datePublished\":\"2014-03-19T17:43:54+00:00\",\"breadcrumb\":{\"@id\":\"https:\/\/wfdfi.org\/meeting-to-be-held-on-march-17-montevideo-will-receive-alides-board-of-directors\/#breadcrumb\"},\"inLanguage\":\"en-US\",\"potentialAction\":[{\"@type\":\"ReadAction\",\"target\":[\"https:\/\/wfdfi.org\/meeting-to-be-held-on-march-17-montevideo-will-receive-alides-board-of-directors\/\"]}]},{\"@type\":\"BreadcrumbList\",\"@id\":\"https:\/\/wfdfi.org\/meeting-to-be-held-on-march-17-montevideo-will-receive-alides-board-of-directors\/#breadcrumb\",\"itemListElement\":[{\"@type\":\"ListItem\",\"position\":1,\"name\":\"Portada\",\"item\":\"https:\/\/wfdfi.org\/\"},{\"@type\":\"ListItem\",\"position\":2,\"name\":\"Meeting To Be Held on March 17 Montevideo will receive ALIDE\u2019s Board of Directors\"}]},{\"@type\":\"WebSite\",\"@id\":\"https:\/\/wfdfi.org\/#website\",\"url\":\"https:\/\/wfdfi.org\/\",\"name\":\"World Federation of Development Financing Institutions\",\"description\":\"\",\"publisher\":{\"@id\":\"https:\/\/wfdfi.org\/#organization\"},\"potentialAction\":[{\"@type\":\"SearchAction\",\"target\":{\"@type\":\"EntryPoint\",\"urlTemplate\":\"https:\/\/wfdfi.org\/?s={search_term_string}\"},\"query-input\":{\"@type\":\"PropertyValueSpecification\",\"valueRequired\":true,\"valueName\":\"search_term_string\"}}],\"inLanguage\":\"en-US\"},{\"@type\":\"Organization\",\"@id\":\"https:\/\/wfdfi.org\/#organization\",\"name\":\"World Federation of Development Financing Institutions\",\"url\":\"https:\/\/wfdfi.org\/\",\"logo\":{\"@type\":\"ImageObject\",\"inLanguage\":\"en-US\",\"@id\":\"https:\/\/wfdfi.org\/#\/schema\/logo\/image\/\",\"url\":\"https:\/\/wfdfi.org\/wp-content\/uploads\/2024\/12\/logo.png\",\"contentUrl\":\"https:\/\/wfdfi.org\/wp-content\/uploads\/2024\/12\/logo.png\",\"width\":432,\"height\":114,\"caption\":\"World Federation of Development Financing Institutions\"},\"image\":{\"@id\":\"https:\/\/wfdfi.org\/#\/schema\/logo\/image\/\"},\"sameAs\":[\"https:\/\/x.com\/WFDFI_\",\"https:\/\/www.linkedin.com\/company\/wfdfi\"]},{\"@type\":\"Person\",\"@id\":\"https:\/\/wfdfi.org\/#\/schema\/person\/79bba90efc57f8702edd5344ec46c5dc\",\"name\":\"Andrea Villafranca comunicaciones\",\"image\":{\"@type\":\"ImageObject\",\"inLanguage\":\"en-US\",\"@id\":\"https:\/\/wfdfi.org\/#\/schema\/person\/image\/\",\"url\":\"https:\/\/secure.gravatar.com\/avatar\/351480c4017aa4acf2b40fa2b391f5a0c82d1036a5d9046580ab3576c12dd21e?s=96&d=mm&r=g\",\"contentUrl\":\"https:\/\/secure.gravatar.com\/avatar\/351480c4017aa4acf2b40fa2b391f5a0c82d1036a5d9046580ab3576c12dd21e?s=96&d=mm&r=g\",\"caption\":\"Andrea Villafranca comunicaciones\"},\"url\":\"https:\/\/wfdfi.org\/en\/author\/andrea-villafranca-comunicaciones\/\"}]}<\/script>\n<!-- \/ Yoast SEO plugin. -->","yoast_head_json":{"title":"Meeting To Be Held on March 17 Montevideo will receive ALIDE\u2019s Board of Directors - World Federation of Development Financing Institutions","robots":{"index":"index","follow":"follow","max-snippet":"max-snippet:-1","max-image-preview":"max-image-preview:large","max-video-preview":"max-video-preview:-1"},"canonical":"https:\/\/wfdfi.org\/en\/meeting-to-be-held-on-march-17-montevideo-will-receive-alides-board-of-directors\/","og_locale":"en_US","og_type":"article","og_title":"Meeting To Be Held on March 17 Montevideo will receive ALIDE\u2019s Board of Directors - World Federation of Development Financing Institutions","og_description":"On March 17, the CXXIX ALIDE\u2019s Board of Directors Meeting will be held in Montevideo, Uruguay. The members will also attend \u2013 in the same city \u2013 to a seminar organized by ALIDE and the Banco de la Rep\u00fablica Oriental de Uruguay (Bank of the Oriental Republic of Uruguay \u2013 BROU), and to the Annual [&hellip;]","og_url":"https:\/\/wfdfi.org\/en\/meeting-to-be-held-on-march-17-montevideo-will-receive-alides-board-of-directors\/","og_site_name":"World Federation of Development Financing Institutions","article_published_time":"2014-03-19T17:43:54+00:00","author":"Andrea Villafranca comunicaciones","twitter_card":"summary_large_image","twitter_creator":"@WFDFI_","twitter_site":"@WFDFI_","twitter_misc":{"Written by":"Andrea Villafranca comunicaciones","Est. reading time":"1 minute"},"schema":{"@context":"https:\/\/schema.org","@graph":[{"@type":"Article","@id":"https:\/\/wfdfi.org\/meeting-to-be-held-on-march-17-montevideo-will-receive-alides-board-of-directors\/#article","isPartOf":{"@id":"https:\/\/wfdfi.org\/meeting-to-be-held-on-march-17-montevideo-will-receive-alides-board-of-directors\/"},"author":{"name":"Andrea Villafranca comunicaciones","@id":"https:\/\/wfdfi.org\/#\/schema\/person\/79bba90efc57f8702edd5344ec46c5dc"},"headline":"Meeting To Be Held on March 17 Montevideo will receive ALIDE\u2019s Board of Directors","datePublished":"2014-03-19T17:43:54+00:00","mainEntityOfPage":{"@id":"https:\/\/wfdfi.org\/meeting-to-be-held-on-march-17-montevideo-will-receive-alides-board-of-directors\/"},"wordCount":275,"publisher":{"@id":"https:\/\/wfdfi.org\/#organization"},"articleSection":["ALIDE","Members News"],"inLanguage":"en-US"},{"@type":"WebPage","@id":"https:\/\/wfdfi.org\/meeting-to-be-held-on-march-17-montevideo-will-receive-alides-board-of-directors\/","url":"https:\/\/wfdfi.org\/meeting-to-be-held-on-march-17-montevideo-will-receive-alides-board-of-directors\/","name":"Meeting To Be Held on March 17 Montevideo will receive ALIDE\u2019s Board of Directors - World Federation of Development Financing Institutions","isPartOf":{"@id":"https:\/\/wfdfi.org\/#website"},"datePublished":"2014-03-19T17:43:54+00:00","breadcrumb":{"@id":"https:\/\/wfdfi.org\/meeting-to-be-held-on-march-17-montevideo-will-receive-alides-board-of-directors\/#breadcrumb"},"inLanguage":"en-US","potentialAction":[{"@type":"ReadAction","target":["https:\/\/wfdfi.org\/meeting-to-be-held-on-march-17-montevideo-will-receive-alides-board-of-directors\/"]}]},{"@type":"BreadcrumbList","@id":"https:\/\/wfdfi.org\/meeting-to-be-held-on-march-17-montevideo-will-receive-alides-board-of-directors\/#breadcrumb","itemListElement":[{"@type":"ListItem","position":1,"name":"Portada","item":"https:\/\/wfdfi.org\/"},{"@type":"ListItem","position":2,"name":"Meeting To Be Held on March 17 Montevideo will receive ALIDE\u2019s Board of Directors"}]},{"@type":"WebSite","@id":"https:\/\/wfdfi.org\/#website","url":"https:\/\/wfdfi.org\/","name":"World Federation of Development Financing Institutions","description":"","publisher":{"@id":"https:\/\/wfdfi.org\/#organization"},"potentialAction":[{"@type":"SearchAction","target":{"@type":"EntryPoint","urlTemplate":"https:\/\/wfdfi.org\/?s={search_term_string}"},"query-input":{"@type":"PropertyValueSpecification","valueRequired":true,"valueName":"search_term_string"}}],"inLanguage":"en-US"},{"@type":"Organization","@id":"https:\/\/wfdfi.org\/#organization","name":"World Federation of Development Financing Institutions","url":"https:\/\/wfdfi.org\/","logo":{"@type":"ImageObject","inLanguage":"en-US","@id":"https:\/\/wfdfi.org\/#\/schema\/logo\/image\/","url":"https:\/\/wfdfi.org\/wp-content\/uploads\/2024\/12\/logo.png","contentUrl":"https:\/\/wfdfi.org\/wp-content\/uploads\/2024\/12\/logo.png","width":432,"height":114,"caption":"World Federation of Development Financing Institutions"},"image":{"@id":"https:\/\/wfdfi.org\/#\/schema\/logo\/image\/"},"sameAs":["https:\/\/x.com\/WFDFI_","https:\/\/www.linkedin.com\/company\/wfdfi"]},{"@type":"Person","@id":"https:\/\/wfdfi.org\/#\/schema\/person\/79bba90efc57f8702edd5344ec46c5dc","name":"Andrea Villafranca comunicaciones","image":{"@type":"ImageObject","inLanguage":"en-US","@id":"https:\/\/wfdfi.org\/#\/schema\/person\/image\/","url":"https:\/\/secure.gravatar.com\/avatar\/351480c4017aa4acf2b40fa2b391f5a0c82d1036a5d9046580ab3576c12dd21e?s=96&d=mm&r=g","contentUrl":"https:\/\/secure.gravatar.com\/avatar\/351480c4017aa4acf2b40fa2b391f5a0c82d1036a5d9046580ab3576c12dd21e?s=96&d=mm&r=g","caption":"Andrea Villafranca comunicaciones"},"url":"https:\/\/wfdfi.org\/en\/author\/andrea-villafranca-comunicaciones\/"}]}},"_links":{"self":[{"href":"https:\/\/wfdfi.org\/en\/wp-json\/wp\/v2\/posts\/5041","targetHints":{"allow":["GET"]}}],"collection":[{"href":"https:\/\/wfdfi.org\/en\/wp-json\/wp\/v2\/posts"}],"about":[{"href":"https:\/\/wfdfi.org\/en\/wp-json\/wp\/v2\/types\/post"}],"author":[{"embeddable":true,"href":"https:\/\/wfdfi.org\/en\/wp-json\/wp\/v2\/users\/3"}],"replies":[{"embeddable":true,"href":"https:\/\/wfdfi.org\/en\/wp-json\/wp\/v2\/comments?post=5041"}],"version-history":[{"count":0,"href":"https:\/\/wfdfi.org\/en\/wp-json\/wp\/v2\/posts\/5041\/revisions"}],"wp:attachment":[{"href":"https:\/\/wfdfi.org\/en\/wp-json\/wp\/v2\/media?parent=5041"}],"wp:term":[{"taxonomy":"category","embeddable":true,"href":"https:\/\/wfdfi.org\/en\/wp-json\/wp\/v2\/categories?post=5041"},{"taxonomy":"post_tag","embeddable":true,"href":"https:\/\/wfdfi.org\/en\/wp-json\/wp\/v2\/tags?post=5041"}],"curies":[{"name":"wp","href":"https:\/\/api.w.org\/{rel}","templated":true}]}}