{"id":4512,"date":"2008-05-05T17:34:31","date_gmt":"2008-05-05T15:34:31","guid":{"rendered":"http:\/\/wfdfi.adfi-ci.org\/?p=4512"},"modified":"2008-05-05T17:34:31","modified_gmt":"2008-05-05T15:34:31","slug":"new-alide-executive-committee-headed-by-roberto-smith","status":"publish","type":"post","link":"https:\/\/wfdfi.org\/es\/new-alide-executive-committee-headed-by-roberto-smith\/","title":{"rendered":"New ALIDE Executive Committee headed by Roberto Smith"},"content":{"rendered":"<p>Dr. Roberto Smith, President of Banco do Nordeste do Brasil (BNB), was elected to serve as President of the Latin American Association for the 2008-2010 period.<\/p>\n<p>The Executive Committee membership includes, as Vice-Presidents, Rodrigo S\u00e1nchez M\u00fajica, General Director of Fideicomisos Instituidos en Relaci\u00f3n con la Agricultura (FIRA)- Banco de M\u00e9xico, and Carlos \u00c1lvarez, Executive Vice-President of Corporaci\u00f3n de Fomento de la Producci\u00f3n (CORFO), of Chile; and as Directors: Gustavo Ardila, President of Banco de Comercio Exterior de Colombia S.A. (BANC\u00d3LDEX); Arthur Rosaria, Executive Director of Corporaci\u00f3n para el Desarrollo de Curazao (KORPORDEKO); Fernando Calloia Raffo, President of Banco Rep\u00fablica Oriental del Uruguay (BROU), and Joaqu\u00edn Jer\u00f3nimo, General Manager of Banco Nacional de Fomento de la Vivienda y la Producci\u00f3n (BNV), de Rep\u00fablica Dominicana.<\/p>","protected":false},"excerpt":{"rendered":"<p>Dr. Roberto Smith, President of Banco do Nordeste do Brasil (BNB), was elected to serve as President of the Latin American Association for the 2008-2010 period. The Executive Committee membership includes, as Vice-Presidents, Rodrigo S\u00e1nchez M\u00fajica, General Director of Fideicomisos Instituidos en Relaci\u00f3n con la Agricultura (FIRA)- Banco de M\u00e9xico, and Carlos \u00c1lvarez, Executive Vice-President [&hellip;]<\/p>","protected":false},"author":3,"featured_media":4513,"comment_status":"closed","ping_status":"closed","sticky":false,"template":"","format":"standard","meta":{"_acf_changed":false,"footnotes":""},"categories":[7],"tags":[],"class_list":["post-4512","post","type-post","status-publish","format-standard","has-post-thumbnail","hentry","category-members-news"],"acf":[],"yoast_head":"<!-- This site is optimized with the Yoast SEO plugin v24.5 - https:\/\/yoast.com\/wordpress\/plugins\/seo\/ -->\n<title>New ALIDE Executive Committee headed by Roberto Smith - World Federation of Development Financing Institutions<\/title>\n<meta name=\"robots\" content=\"index, follow, max-snippet:-1, max-image-preview:large, max-video-preview:-1\" \/>\n<link rel=\"canonical\" href=\"https:\/\/wfdfi.org\/es\/new-alide-executive-committee-headed-by-roberto-smith\/\" \/>\n<meta property=\"og:locale\" content=\"es_ES\" \/>\n<meta property=\"og:type\" content=\"article\" \/>\n<meta property=\"og:title\" content=\"New ALIDE Executive Committee headed by Roberto Smith - World Federation of Development Financing Institutions\" \/>\n<meta property=\"og:description\" content=\"Dr. Roberto Smith, President of Banco do Nordeste do Brasil (BNB), was elected to serve as President of the Latin American Association for the 2008-2010 period. The Executive Committee membership includes, as Vice-Presidents, Rodrigo S\u00e1nchez M\u00fajica, General Director of Fideicomisos Instituidos en Relaci\u00f3n con la Agricultura (FIRA)- Banco de M\u00e9xico, and Carlos \u00c1lvarez, Executive Vice-President [&hellip;]\" \/>\n<meta property=\"og:url\" content=\"https:\/\/wfdfi.org\/es\/new-alide-executive-committee-headed-by-roberto-smith\/\" \/>\n<meta property=\"og:site_name\" content=\"World Federation of Development Financing Institutions\" \/>\n<meta property=\"article:published_time\" content=\"2008-05-05T15:34:31+00:00\" \/>\n<meta name=\"author\" content=\"Andrea Villafranca comunicaciones\" \/>\n<meta name=\"twitter:card\" content=\"summary_large_image\" \/>\n<meta name=\"twitter:creator\" content=\"@WFDFI_\" \/>\n<meta name=\"twitter:site\" content=\"@WFDFI_\" \/>\n<meta name=\"twitter:label1\" content=\"Escrito por\" \/>\n\t<meta name=\"twitter:data1\" content=\"Andrea Villafranca comunicaciones\" \/>\n\t<meta name=\"twitter:label2\" content=\"Tiempo de lectura\" \/>\n\t<meta name=\"twitter:data2\" content=\"1 minuto\" \/>\n<script type=\"application\/ld+json\" class=\"yoast-schema-graph\">{\"@context\":\"https:\/\/schema.org\",\"@graph\":[{\"@type\":\"Article\",\"@id\":\"https:\/\/wfdfi.org\/new-alide-executive-committee-headed-by-roberto-smith\/#article\",\"isPartOf\":{\"@id\":\"https:\/\/wfdfi.org\/new-alide-executive-committee-headed-by-roberto-smith\/\"},\"author\":{\"name\":\"Andrea Villafranca comunicaciones\",\"@id\":\"https:\/\/wfdfi.org\/#\/schema\/person\/79bba90efc57f8702edd5344ec46c5dc\"},\"headline\":\"New ALIDE Executive Committee headed by Roberto Smith\",\"datePublished\":\"2008-05-05T15:34:31+00:00\",\"mainEntityOfPage\":{\"@id\":\"https:\/\/wfdfi.org\/new-alide-executive-committee-headed-by-roberto-smith\/\"},\"wordCount\":146,\"publisher\":{\"@id\":\"https:\/\/wfdfi.org\/#organization\"},\"image\":{\"@id\":\"https:\/\/wfdfi.org\/new-alide-executive-committee-headed-by-roberto-smith\/#primaryimage\"},\"thumbnailUrl\":\"\",\"articleSection\":[\"Members News\"],\"inLanguage\":\"es\"},{\"@type\":\"WebPage\",\"@id\":\"https:\/\/wfdfi.org\/new-alide-executive-committee-headed-by-roberto-smith\/\",\"url\":\"https:\/\/wfdfi.org\/new-alide-executive-committee-headed-by-roberto-smith\/\",\"name\":\"New ALIDE Executive Committee headed by Roberto Smith - World Federation of Development Financing Institutions\",\"isPartOf\":{\"@id\":\"https:\/\/wfdfi.org\/#website\"},\"primaryImageOfPage\":{\"@id\":\"https:\/\/wfdfi.org\/new-alide-executive-committee-headed-by-roberto-smith\/#primaryimage\"},\"image\":{\"@id\":\"https:\/\/wfdfi.org\/new-alide-executive-committee-headed-by-roberto-smith\/#primaryimage\"},\"thumbnailUrl\":\"\",\"datePublished\":\"2008-05-05T15:34:31+00:00\",\"breadcrumb\":{\"@id\":\"https:\/\/wfdfi.org\/new-alide-executive-committee-headed-by-roberto-smith\/#breadcrumb\"},\"inLanguage\":\"es\",\"potentialAction\":[{\"@type\":\"ReadAction\",\"target\":[\"https:\/\/wfdfi.org\/new-alide-executive-committee-headed-by-roberto-smith\/\"]}]},{\"@type\":\"ImageObject\",\"inLanguage\":\"es\",\"@id\":\"https:\/\/wfdfi.org\/new-alide-executive-committee-headed-by-roberto-smith\/#primaryimage\",\"url\":\"\",\"contentUrl\":\"\"},{\"@type\":\"BreadcrumbList\",\"@id\":\"https:\/\/wfdfi.org\/new-alide-executive-committee-headed-by-roberto-smith\/#breadcrumb\",\"itemListElement\":[{\"@type\":\"ListItem\",\"position\":1,\"name\":\"Portada\",\"item\":\"https:\/\/wfdfi.org\/\"},{\"@type\":\"ListItem\",\"position\":2,\"name\":\"New ALIDE Executive Committee headed by Roberto Smith\"}]},{\"@type\":\"WebSite\",\"@id\":\"https:\/\/wfdfi.org\/#website\",\"url\":\"https:\/\/wfdfi.org\/\",\"name\":\"World Federation of Development Financing Institutions\",\"description\":\"\",\"publisher\":{\"@id\":\"https:\/\/wfdfi.org\/#organization\"},\"potentialAction\":[{\"@type\":\"SearchAction\",\"target\":{\"@type\":\"EntryPoint\",\"urlTemplate\":\"https:\/\/wfdfi.org\/?s={search_term_string}\"},\"query-input\":{\"@type\":\"PropertyValueSpecification\",\"valueRequired\":true,\"valueName\":\"search_term_string\"}}],\"inLanguage\":\"es\"},{\"@type\":\"Organization\",\"@id\":\"https:\/\/wfdfi.org\/#organization\",\"name\":\"World Federation of Development Financing Institutions\",\"url\":\"https:\/\/wfdfi.org\/\",\"logo\":{\"@type\":\"ImageObject\",\"inLanguage\":\"es\",\"@id\":\"https:\/\/wfdfi.org\/#\/schema\/logo\/image\/\",\"url\":\"https:\/\/wfdfi.org\/wp-content\/uploads\/2024\/12\/logo.png\",\"contentUrl\":\"https:\/\/wfdfi.org\/wp-content\/uploads\/2024\/12\/logo.png\",\"width\":432,\"height\":114,\"caption\":\"World Federation of Development Financing Institutions\"},\"image\":{\"@id\":\"https:\/\/wfdfi.org\/#\/schema\/logo\/image\/\"},\"sameAs\":[\"https:\/\/x.com\/WFDFI_\",\"https:\/\/www.linkedin.com\/company\/wfdfi\"]},{\"@type\":\"Person\",\"@id\":\"https:\/\/wfdfi.org\/#\/schema\/person\/79bba90efc57f8702edd5344ec46c5dc\",\"name\":\"Andrea Villafranca comunicaciones\",\"image\":{\"@type\":\"ImageObject\",\"inLanguage\":\"es\",\"@id\":\"https:\/\/wfdfi.org\/#\/schema\/person\/image\/\",\"url\":\"https:\/\/secure.gravatar.com\/avatar\/351480c4017aa4acf2b40fa2b391f5a0c82d1036a5d9046580ab3576c12dd21e?s=96&d=mm&r=g\",\"contentUrl\":\"https:\/\/secure.gravatar.com\/avatar\/351480c4017aa4acf2b40fa2b391f5a0c82d1036a5d9046580ab3576c12dd21e?s=96&d=mm&r=g\",\"caption\":\"Andrea Villafranca comunicaciones\"},\"url\":\"https:\/\/wfdfi.org\/es\/author\/andrea-villafranca-comunicaciones\/\"}]}<\/script>\n<!-- \/ Yoast SEO plugin. -->","yoast_head_json":{"title":"New ALIDE Executive Committee headed by Roberto Smith - World Federation of Development Financing Institutions","robots":{"index":"index","follow":"follow","max-snippet":"max-snippet:-1","max-image-preview":"max-image-preview:large","max-video-preview":"max-video-preview:-1"},"canonical":"https:\/\/wfdfi.org\/es\/new-alide-executive-committee-headed-by-roberto-smith\/","og_locale":"es_ES","og_type":"article","og_title":"New ALIDE Executive Committee headed by Roberto Smith - World Federation of Development Financing Institutions","og_description":"Dr. Roberto Smith, President of Banco do Nordeste do Brasil (BNB), was elected to serve as President of the Latin American Association for the 2008-2010 period. The Executive Committee membership includes, as Vice-Presidents, Rodrigo S\u00e1nchez M\u00fajica, General Director of Fideicomisos Instituidos en Relaci\u00f3n con la Agricultura (FIRA)- Banco de M\u00e9xico, and Carlos \u00c1lvarez, Executive Vice-President [&hellip;]","og_url":"https:\/\/wfdfi.org\/es\/new-alide-executive-committee-headed-by-roberto-smith\/","og_site_name":"World Federation of Development Financing Institutions","article_published_time":"2008-05-05T15:34:31+00:00","author":"Andrea Villafranca comunicaciones","twitter_card":"summary_large_image","twitter_creator":"@WFDFI_","twitter_site":"@WFDFI_","twitter_misc":{"Escrito por":"Andrea Villafranca comunicaciones","Tiempo de lectura":"1 minuto"},"schema":{"@context":"https:\/\/schema.org","@graph":[{"@type":"Article","@id":"https:\/\/wfdfi.org\/new-alide-executive-committee-headed-by-roberto-smith\/#article","isPartOf":{"@id":"https:\/\/wfdfi.org\/new-alide-executive-committee-headed-by-roberto-smith\/"},"author":{"name":"Andrea Villafranca comunicaciones","@id":"https:\/\/wfdfi.org\/#\/schema\/person\/79bba90efc57f8702edd5344ec46c5dc"},"headline":"New ALIDE Executive Committee headed by Roberto Smith","datePublished":"2008-05-05T15:34:31+00:00","mainEntityOfPage":{"@id":"https:\/\/wfdfi.org\/new-alide-executive-committee-headed-by-roberto-smith\/"},"wordCount":146,"publisher":{"@id":"https:\/\/wfdfi.org\/#organization"},"image":{"@id":"https:\/\/wfdfi.org\/new-alide-executive-committee-headed-by-roberto-smith\/#primaryimage"},"thumbnailUrl":"","articleSection":["Members News"],"inLanguage":"es"},{"@type":"WebPage","@id":"https:\/\/wfdfi.org\/new-alide-executive-committee-headed-by-roberto-smith\/","url":"https:\/\/wfdfi.org\/new-alide-executive-committee-headed-by-roberto-smith\/","name":"New ALIDE Executive Committee headed by Roberto Smith - World Federation of Development Financing Institutions","isPartOf":{"@id":"https:\/\/wfdfi.org\/#website"},"primaryImageOfPage":{"@id":"https:\/\/wfdfi.org\/new-alide-executive-committee-headed-by-roberto-smith\/#primaryimage"},"image":{"@id":"https:\/\/wfdfi.org\/new-alide-executive-committee-headed-by-roberto-smith\/#primaryimage"},"thumbnailUrl":"","datePublished":"2008-05-05T15:34:31+00:00","breadcrumb":{"@id":"https:\/\/wfdfi.org\/new-alide-executive-committee-headed-by-roberto-smith\/#breadcrumb"},"inLanguage":"es","potentialAction":[{"@type":"ReadAction","target":["https:\/\/wfdfi.org\/new-alide-executive-committee-headed-by-roberto-smith\/"]}]},{"@type":"ImageObject","inLanguage":"es","@id":"https:\/\/wfdfi.org\/new-alide-executive-committee-headed-by-roberto-smith\/#primaryimage","url":"","contentUrl":""},{"@type":"BreadcrumbList","@id":"https:\/\/wfdfi.org\/new-alide-executive-committee-headed-by-roberto-smith\/#breadcrumb","itemListElement":[{"@type":"ListItem","position":1,"name":"Portada","item":"https:\/\/wfdfi.org\/"},{"@type":"ListItem","position":2,"name":"New ALIDE Executive Committee headed by Roberto Smith"}]},{"@type":"WebSite","@id":"https:\/\/wfdfi.org\/#website","url":"https:\/\/wfdfi.org\/","name":"World Federation of Development Financing Institutions","description":"","publisher":{"@id":"https:\/\/wfdfi.org\/#organization"},"potentialAction":[{"@type":"SearchAction","target":{"@type":"EntryPoint","urlTemplate":"https:\/\/wfdfi.org\/?s={search_term_string}"},"query-input":{"@type":"PropertyValueSpecification","valueRequired":true,"valueName":"search_term_string"}}],"inLanguage":"es"},{"@type":"Organization","@id":"https:\/\/wfdfi.org\/#organization","name":"World Federation of Development Financing Institutions","url":"https:\/\/wfdfi.org\/","logo":{"@type":"ImageObject","inLanguage":"es","@id":"https:\/\/wfdfi.org\/#\/schema\/logo\/image\/","url":"https:\/\/wfdfi.org\/wp-content\/uploads\/2024\/12\/logo.png","contentUrl":"https:\/\/wfdfi.org\/wp-content\/uploads\/2024\/12\/logo.png","width":432,"height":114,"caption":"World Federation of Development Financing Institutions"},"image":{"@id":"https:\/\/wfdfi.org\/#\/schema\/logo\/image\/"},"sameAs":["https:\/\/x.com\/WFDFI_","https:\/\/www.linkedin.com\/company\/wfdfi"]},{"@type":"Person","@id":"https:\/\/wfdfi.org\/#\/schema\/person\/79bba90efc57f8702edd5344ec46c5dc","name":"Andrea Villafranca comunicaciones","image":{"@type":"ImageObject","inLanguage":"es","@id":"https:\/\/wfdfi.org\/#\/schema\/person\/image\/","url":"https:\/\/secure.gravatar.com\/avatar\/351480c4017aa4acf2b40fa2b391f5a0c82d1036a5d9046580ab3576c12dd21e?s=96&d=mm&r=g","contentUrl":"https:\/\/secure.gravatar.com\/avatar\/351480c4017aa4acf2b40fa2b391f5a0c82d1036a5d9046580ab3576c12dd21e?s=96&d=mm&r=g","caption":"Andrea Villafranca comunicaciones"},"url":"https:\/\/wfdfi.org\/es\/author\/andrea-villafranca-comunicaciones\/"}]}},"_links":{"self":[{"href":"https:\/\/wfdfi.org\/es\/wp-json\/wp\/v2\/posts\/4512","targetHints":{"allow":["GET"]}}],"collection":[{"href":"https:\/\/wfdfi.org\/es\/wp-json\/wp\/v2\/posts"}],"about":[{"href":"https:\/\/wfdfi.org\/es\/wp-json\/wp\/v2\/types\/post"}],"author":[{"embeddable":true,"href":"https:\/\/wfdfi.org\/es\/wp-json\/wp\/v2\/users\/3"}],"replies":[{"embeddable":true,"href":"https:\/\/wfdfi.org\/es\/wp-json\/wp\/v2\/comments?post=4512"}],"version-history":[{"count":0,"href":"https:\/\/wfdfi.org\/es\/wp-json\/wp\/v2\/posts\/4512\/revisions"}],"wp:featuredmedia":[{"embeddable":true,"href":"https:\/\/wfdfi.org\/es\/wp-json\/"}],"wp:attachment":[{"href":"https:\/\/wfdfi.org\/es\/wp-json\/wp\/v2\/media?parent=4512"}],"wp:term":[{"taxonomy":"category","embeddable":true,"href":"https:\/\/wfdfi.org\/es\/wp-json\/wp\/v2\/categories?post=4512"},{"taxonomy":"post_tag","embeddable":true,"href":"https:\/\/wfdfi.org\/es\/wp-json\/wp\/v2\/tags?post=4512"}],"curies":[{"name":"wp","href":"https:\/\/api.w.org\/{rel}","templated":true}]}}