{"id":6557,"date":"2023-08-10T21:31:38","date_gmt":"2023-08-10T21:31:38","guid":{"rendered":"https:\/\/wfdfi.org\/?p=6557"},"modified":"2025-01-23T16:17:07","modified_gmt":"2025-01-23T21:17:07","slug":"smes-financial-inclusion-sustainable-infrastructure-climate-change-and-biodiversity-will-be-on-the-agenda-at-the-world-summit-of-public-development-banks-in-cartagena","status":"publish","type":"post","link":"https:\/\/wfdfi.org\/es\/smes-financial-inclusion-sustainable-infrastructure-climate-change-and-biodiversity-will-be-on-the-agenda-at-the-world-summit-of-public-development-banks-in-cartagena\/","title":{"rendered":"Las pyme, la inclusi\u00f3n financiera, de infraestructura sostenible, cambio clim\u00e1tico y biodiversidad en la agenda de la Cumbre Mundial de AP en Cartagena"},"content":{"rendered":"<p><em><span class=\"TextRun SCXW106119305 BCX9\" lang=\"EN-US\" xml:lang=\"EN-US\" data-contrast=\"none\"><span class=\"NormalTextRun SCXW106119305 BCX9\">La agenda para <\/span><span class=\"NormalTextRun SpellingErrorV2Themed SCXW106119305 BCX9\">Consejos de inversores extranjeros<\/span><span class=\"NormalTextRun SCXW106119305 BCX9\">\u00a02023 se centrar\u00e1 en cuatro temas principales: las Pymes y la inclusi\u00f3n financiera, el cambio clim\u00e1tico y la biodiversidad, infraestructura sostenible, y el programa institucional de\u00a0<\/span><span class=\"NormalTextRun SCXW106119305 BCX9\">AP<\/span><span class=\"NormalTextRun SCXW106119305 BCX9\">s<\/span><span class=\"NormalTextRun SCXW106119305 BCX9\">. <\/span><\/span><\/em><em><span class=\"TextRun SCXW152975286 BCX9\" lang=\"EN-US\" xml:lang=\"EN-US\" data-contrast=\"none\"><span class=\"NormalTextRun SCXW152975286 BCX9\">El\u00a0<\/span><span class=\"NormalTextRun SpellingErrorV2Themed SCXW152975286 BCX9\">Consejos de inversores extranjeros<\/span><span class=\"NormalTextRun SCXW152975286 BCX9\">\u00a02023<\/span><span class=\"NormalTextRun SCXW152975286 BCX9\">\u00a0se\u00a0<\/span><span class=\"NormalTextRun SCXW152975286 BCX9\">consolidar<\/span><span class=\"NormalTextRun SCXW152975286 BCX9\">\u00a0nuevas alianzas<\/span><span class=\"NormalTextRun SCXW152975286 BCX9\">\u00a0y<\/span><span class=\"NormalTextRun SCXW152975286 BCX9\">\u00a0la innovaci\u00f3n<\/span><span class=\"NormalTextRun SCXW152975286 BCX9\">\u00a0para la pr\u00f3xima generaci\u00f3n de desarrollo<\/span><span class=\"NormalTextRun SCXW152975286 BCX9\">\u00a0f<\/span><span class=\"NormalTextRun SCXW152975286 BCX9\">inancing<\/span><span class=\"NormalTextRun SCXW152975286 BCX9\">.\u00a0<\/span><\/span><span class=\"EOP SCXW152975286 BCX9\" data-ccp-props=\"{\">\u00a0<\/span><\/em><\/p>\n<section class=\"kc-elm kc-css-3133303 kc_row\">\n<div class=\"kc-row-container kc-container\">\n<div class=\"kc-wrap-columns\">\n<div class=\"kc-elm kc-css-1010567 kc_col-sm-12 kc_column kc_col-sm-12\">\n<div class=\"kc-col-container\">\n<div class=\"kc-elm kc-css-134923 kc_text_block\">\n<section class=\"kc-elm kc-css-920531 kc_row\">\n<div class=\"kc-row-container kc-container\">\n<div class=\"kc-wrap-columns\">\n<div class=\"kc-elm kc-css-3196431 kc_col-sm-12 kc_column kc_col-sm-12\">\n<div class=\"kc-col-container\">\n<div class=\"kc-elm kc-css-3896336 kc_text_block\">\n<section class=\"kc-elm kc-css-2051840 kc_row\">\n<div class=\"kc-row-container kc-container\">\n<div class=\"kc-wrap-columns\">\n<div class=\"kc-elm kc-css-1266655 kc_col-sm-12 kc_column kc_col-sm-12\">\n<div class=\"kc-col-container\">\n<div class=\"kc-elm kc-css-2159176 kc_text_block\">\n<div class=\"vc_row wpb_row vc_row-fluid\">\n<div class=\"wpb_column vc_column_container vc_col-sm-8\">\n<div class=\"vc_column-inner\">\n<div class=\"wpb_wrapper\">\n<div class=\"wpb_text_column wpb_content_element vc_custom_1688161903232\">\n<div class=\"wpb_wrapper\">\n<hr \/>\n<\/div>\n<\/div>\n<div class=\"wpb_text_column wpb_content_element\">\n<div class=\"wpb_wrapper\">\n<p><strong><span class=\"NormalTextRun SCXW52694379 BCX9\" data-ccp-charstyle=\"normaltextrun\" data-ccp-charstyle-defn=\"{\">Bogot\u00e1, J<\/span><span class=\"NormalTextRun SCXW52694379 BCX9\" data-ccp-charstyle=\"normaltextrun\">une 30, 202<\/span>3-\u00a0<\/strong><span data-contrast=\"auto\">Representantes de un centenar de pa\u00edses, incluyendo cuarenta jefes de estado y de gobierno, as\u00ed como otras partes interesadas se reunieron para un Nuevo Pacto de Financiaci\u00f3n, que se celebr\u00f3 del 22 de junio al 23 de 2023, en Par\u00eds, Francia. La Cumbre de los cimientos de un nuevo sistema financiero internacional, centr\u00e1ndose en la necesidad de cumplir los compromisos ya contra\u00eddos en los t\u00e9rminos de la solidaridad internacional, y la movilizaci\u00f3n de m\u00e1s recursos p\u00fablicos y privados. Ayud\u00f3 a construir el consenso y\u00a0<\/span><b><span data-contrast=\"auto\">preparar la pr\u00f3xima edici\u00f3n de global reuniones multilaterales, incluyendo el 2023 Finanzas en Com\u00fan de la Cumbre.<\/span><\/b><span data-ccp-props=\"{\">\u00a0<\/span><\/p>\n<p><span data-contrast=\"auto\">En esta ocasi\u00f3n,\u00a0<\/span><b><span data-contrast=\"auto\">un evento especial titulado &#034;la potenciaci\u00f3n de la AP de inversiones para los objetivos de desarrollo sostenible&#034; se reunieron, por primera vez, todos los Bancos Multilaterales de Desarrollo (Bmd), m\u00e1s de 15 nacionales y los bancos regionales de desarrollo, y las partes interesadas clave de la sociedad civil, el sector privado, los organismos reguladores, y filantr\u00f3picas, que son miembros de la<\/span><\/b>\u00a0<a href=\"https:\/\/financeincommon.org\/\"><span data-contrast=\"none\">Finanzas en Com\u00fan (consejos de inversores extranjeros) movimiento<\/span><\/a><span data-contrast=\"auto\">.\u00a0<\/span><b><span data-contrast=\"auto\">El evento se realiz\u00f3 en presencia de los Presidentes de Benin, Colombia, Cuba, Francia, y en el Sur de \u00c1frica<\/span><\/b><span data-contrast=\"auto\">. Los l\u00edderes de la acogi\u00f3 con benepl\u00e1cito el esp\u00edritu de colaboraci\u00f3n y cooperaci\u00f3n de las Finanzas en Com\u00fan de la iniciativa, que ayuda a evitar la fragmentaci\u00f3n y sirve como una plataforma para movilizar a todas las PDBs y el sector privado para contribuir a los objetivos de desarrollo sostenible y afrontar los retos globales, como el cambio clim\u00e1tico.<\/span><span data-ccp-props=\"{\">\u00a0<\/span><\/p>\n<p><a href=\"https:\/\/financeincommon.org\/key-takeaways-finance-in-commons-special-event-summit-for-a-new-global-financing-pact\"><b><span data-contrast=\"none\">Las conclusiones de este Evento Especial de la reuni\u00f3n<\/span><\/b><\/a><b><span data-contrast=\"none\">\u00a0ser\u00e1n tomados en los consejos de inversores extranjeros 2023, que tendr\u00e1 lugar por primera vez en las Am\u00e9ricas, a partir de septiembre de 4 a 6 en Cartagena, Colombia, y a los que el Presidente Gustavo Petro invit\u00f3 a todos los participantes<\/span><\/b><span data-contrast=\"none\">. Algunos de sus principales temas de la agenda son:<\/span><span data-ccp-props=\"{\">\u00a0<\/span><\/p>\n<p><b><span data-contrast=\"auto\">\u25ba Las pyme y la inclusi\u00f3n financiera: <\/span><\/b><span data-contrast=\"auto\">las peque\u00f1as empresas, las mujeres, las poblaciones vulnerables y a menudo son excluidos del sistema financiero formal.\u00a0<\/span><span data-ccp-props=\"{\">\u00a0<\/span><\/p>\n<p><b><span data-contrast=\"auto\">\u25ba El cambio clim\u00e1tico y la diversidad biol\u00f3gica: <\/span><\/b><span data-contrast=\"auto\">el desarrollo de<\/span>\u00a0<span data-contrast=\"auto\">nuevas herramientas para el cierre de la brecha financiera en la mitigaci\u00f3n del cambio clim\u00e1tico y la adaptaci\u00f3n, y para promover la protecci\u00f3n del capital natural y de la biodiversidad.<\/span><span data-ccp-props=\"{\">\u00a0<\/span><\/p>\n<p><b><span data-contrast=\"auto\">\u25ba Infraestructura sostenible: <\/span><\/b><span data-contrast=\"auto\">la mayor\u00eda de las econom\u00edas emergentes se enfrentan brechas en la inversi\u00f3n en infraestructura, junto a la necesidad de hacer una transici\u00f3n de energ\u00eda, aumento de la conectividad digital y garantizar el acceso sostenible a servicios b\u00e1sicos para todos.<\/span><span data-ccp-props=\"{\">\u00a0<\/span><\/p>\n<p><b><span data-contrast=\"auto\">\u25ba Agenda institucional de la PDBs: <\/span><\/b><span data-contrast=\"auto\">todos los retos requieren una mejora de la capacidad institucional, la regulaci\u00f3n y la gobernanza de la financiaci\u00f3n del desarrollo de los ecosistemas.\u00a0<\/span><span data-ccp-props=\"{\">\u00a0<\/span><\/p>\n<p><span data-contrast=\"auto\">Por otra parte, cuatro transversales se incluir\u00e1n temas: la integraci\u00f3n social y el impacto en el desarrollo, la movilizaci\u00f3n de capital privado hacia los Objetivos de Desarrollo Sostenible (Ods), la colaboraci\u00f3n con la sociedad civil y de derechos humanos, la inclusi\u00f3n, y un enfoque espec\u00edfico sobre los retos y oportunidades de la regi\u00f3n de Am\u00e9rica latina y el Caribe.<\/span><span data-ccp-props=\"{\">\u00a0<\/span><\/p>\n<p><span data-contrast=\"auto\">Este Mundo de la Cumbre es organizada por la\u00a0<a href=\"https:\/\/www.iadb.org\/es\">El Banco Interamericano de Desarrollo (BID)<\/a>,\u00a0<a href=\"https:\/\/www.alide.org.pe\/\">la Asociaci\u00f3n latinoamericana de Instituciones de Financiaci\u00f3n del Desarrollo (ALIDE)<\/a>y\u00a0<a href=\"https:\/\/www.bancoldex.com\/\">el Negocio del Banco de Desarrollo de Colombia (con banc\u00f3ldex)<\/a>que , como anfitri\u00f3n de la entidad de la cumbre. Tambi\u00e9n es respaldado por el<a href=\"https:\/\/www.afd.fr\/es\">\u00a0La Agence Fran\u00e7aise de D\u00e9veloppement (la FDA)<\/a>,\u00a0<a href=\"https:\/\/european-union.europa.eu\/institutions-law-budget\/institutions-and-bodies\/search-all-eu-institutions-and-bodies\/european-investment-bank-eib_es\">el Banco Europeo de Inversiones (BEI)<\/a>y el\u00a0<a href=\"https:\/\/wfdfi.org\/es\/\">La Federaci\u00f3n mundial de Instituciones de Financiaci\u00f3n del Desarrollo (WFDFI).<\/a><\/span><span data-ccp-props=\"{\">\u00a0<\/span><\/p>\n<p><span data-contrast=\"auto\">Est\u00e1n abiertas las inscripciones para los medios de comunicaci\u00f3n y el p\u00fablico que trabajan en desarrollo a participar en el evento, ya sea virtualmente o en persona. Visita del evento\u00a0<\/span><a href=\"https:\/\/financeincommon2023.com\/\"><span data-contrast=\"none\">p\u00e1gina web<\/span><\/a><span data-contrast=\"auto\">\u00a0para obtener m\u00e1s informaci\u00f3n.\u00a0<\/span><span data-ccp-props=\"{\">\u00a0<\/span><\/p>\n<\/div>\n<\/div>\n<\/div>\n<\/div>\n<\/div>\n<\/div>\n<div class=\"vc_row wpb_row vc_row-fluid\">\n<div class=\"wpb_column vc_column_container vc_col-sm-2 vc_col-has-fill vc_general vc_parallax vc_parallax-content-moving\" data-vc-parallax=\"1.5\">\n<div class=\"vc_column-inner\">\n<div><\/div>\n<div class=\"wpb_wrapper\"><strong style=\"color: #333333; font-family: Poppins, sans-serif; font-size: 1.4em;\">Sobre el BID<\/strong><\/div>\n<\/div>\n<\/div>\n<div class=\"wpb_column vc_column_container vc_col-sm-8\">\n<div class=\"vc_column-inner\">\n<div class=\"wpb_wrapper\">\n<div class=\"wpb_text_column wpb_content_element\">\n<div class=\"wpb_wrapper\">\n<p><span class=\"TextRun SCXW46938613 BCX9\" lang=\"EN-US\" xml:lang=\"EN-US\" data-contrast=\"auto\"><span class=\"NormalTextRun SCXW46938613 BCX9\">El Banco Interamericano de Desarrollo se dedica a mejorar la vida. Establecido en 1959, el BID es la principal fuente de financiamiento de largo plazo para el desarrollo econ\u00f3mico, social<\/span><span class=\"NormalTextRun SCXW46938613 BCX9\">,<\/span><span class=\"NormalTextRun SCXW46938613 BCX9\">\u00a0institucionales y desarrollo en Am\u00e9rica latina y el Caribe. El BID tambi\u00e9n se lleva a cabo\u00a0<\/span><span class=\"NormalTextRun SCXW46938613 BCX9\">de vanguardia<\/span><span class=\"NormalTextRun SCXW46938613 BCX9\">\u00a0la investigaci\u00f3n y la\u00a0<\/span><span class=\"NormalTextRun SCXW46938613 BCX9\">proporciona<\/span><span class=\"NormalTextRun SCXW46938613 BCX9\">\u00a0la pol\u00edtica de asesoramiento t\u00e9cnico\u00a0<\/span><span class=\"NormalTextRun SCXW46938613 BCX9\">asistencia<\/span><span class=\"NormalTextRun SCXW46938613 BCX9\">,<\/span><span class=\"NormalTextRun SCXW46938613 BCX9\">\u00a0y la capacitaci\u00f3n del sector p\u00fablico y privado de los clientes en toda la regi\u00f3n.<\/span><\/span><a class=\"Hyperlink SCXW46938613 BCX9\" href=\"https:\/\/virtualtour.iadb.org\/%22%20\/t%20%22_blank\" target=\"_blank\" rel=\"noreferrer noopener\"><span class=\"FieldRange SCXW46938613 BCX9\"><span class=\"TextRun Underlined SCXW46938613 BCX9\" lang=\"EN-US\" xml:lang=\"EN-US\" data-contrast=\"none\"><span class=\"NormalTextRun SCXW46938613 BCX9\" data-ccp-charstyle=\"Hyperlink\">Tomar nuestro tour virtual.<\/span><\/span><\/span><\/a><span class=\"EOP SCXW46938613 BCX9\" data-ccp-props=\"{\">\u00a0<\/span><\/p>\n<h3><strong>Acerca de ALIDE<\/strong><\/h3>\n<p>ALIDE es la comunidad de las instituciones financieras que producen soluciones de banca para Am\u00e9rica latina y el Caribe desarrollo. Fundada en 1968, su principal prop\u00f3sito es contribuir a que la regi\u00f3n de desarrollo econ\u00f3mico y social mediante la promoci\u00f3n del uso de buenas financiaci\u00f3n para el desarrollo de las pr\u00e1cticas entre sus miembros. Se compone de m\u00e1s de 80 miembros de las instituciones que operan en m\u00e1s de 20 pa\u00edses de Am\u00e9rica latina y otras regiones del mundo.<\/p>\n<\/div>\n<\/div>\n<\/div>\n<\/div>\n<\/div>\n<\/div>\n<\/div>\n<\/div>\n<\/div>\n<\/div>\n<\/div>\n<\/section>\n<\/div>\n<\/div>\n<\/div>\n<\/div>\n<\/div>\n<\/section>\n<\/div>\n<\/div>\n<\/div>\n<\/div>\n<\/div>\n<\/section>\n<p>[\/kc_column_text][\/kc_column][\/kc_row]<\/p>","protected":false},"excerpt":{"rendered":"<p>The agenda for FiCS\u00a02023 will focus on four main topics: SMEs and financial inclusion, climate change and biodiversity, sustainable infrastructure, and the institutional agenda of\u00a0PDBs. The\u00a0FiCS\u00a02023\u00a0will\u00a0consolidate\u00a0new alliances\u00a0and\u00a0innovation\u00a0for the next generation of development\u00a0financing.\u00a0\u00a0 Bogot\u00e1, June 30, 2023-\u00a0Representatives of a hundred countries, including forty heads of state and government, as well as other stakeholders gathered for a [&hellip;]<\/p>","protected":false},"author":3,"featured_media":7892,"comment_status":"open","ping_status":"open","sticky":false,"template":"","format":"standard","meta":{"_acf_changed":false,"footnotes":""},"categories":[248,7],"tags":[],"class_list":["post-6557","post","type-post","status-publish","format-standard","has-post-thumbnail","hentry","category-alide","category-members-news"],"acf":[],"yoast_head":"<!-- This site is optimized with the Yoast SEO plugin v24.5 - https:\/\/yoast.com\/wordpress\/plugins\/seo\/ -->\n<title>SMEs, financial inclusion, sustainable infrastructure, climate change, and biodiversity will be on the agenda at the World Summit of PDB in Cartagena - World Federation of Development Financing Institutions<\/title>\n<meta name=\"robots\" content=\"index, follow, max-snippet:-1, max-image-preview:large, max-video-preview:-1\" \/>\n<link rel=\"canonical\" href=\"https:\/\/wfdfi.org\/es\/smes-financial-inclusion-sustainable-infrastructure-climate-change-and-biodiversity-will-be-on-the-agenda-at-the-world-summit-of-public-development-banks-in-cartagena\/\" \/>\n<meta property=\"og:locale\" content=\"es_ES\" \/>\n<meta property=\"og:type\" content=\"article\" \/>\n<meta property=\"og:title\" content=\"SMEs, financial inclusion, sustainable infrastructure, climate change, and biodiversity will be on the agenda at the World Summit of PDB in Cartagena - World Federation of Development Financing Institutions\" \/>\n<meta property=\"og:description\" content=\"The agenda for FiCS\u00a02023 will focus on four main topics: SMEs and financial inclusion, climate change and biodiversity, sustainable infrastructure, and the institutional agenda of\u00a0PDBs. The\u00a0FiCS\u00a02023\u00a0will\u00a0consolidate\u00a0new alliances\u00a0and\u00a0innovation\u00a0for the next generation of development\u00a0financing.\u00a0\u00a0 Bogot\u00e1, June 30, 2023-\u00a0Representatives of a hundred countries, including forty heads of state and government, as well as other stakeholders gathered for a [&hellip;]\" \/>\n<meta property=\"og:url\" content=\"https:\/\/wfdfi.org\/es\/smes-financial-inclusion-sustainable-infrastructure-climate-change-and-biodiversity-will-be-on-the-agenda-at-the-world-summit-of-public-development-banks-in-cartagena\/\" \/>\n<meta property=\"og:site_name\" content=\"World Federation of Development Financing Institutions\" \/>\n<meta property=\"article:published_time\" content=\"2023-08-10T21:31:38+00:00\" \/>\n<meta property=\"article:modified_time\" content=\"2025-01-23T21:17:07+00:00\" \/>\n<meta property=\"og:image\" content=\"https:\/\/wfdfi.org\/wp-content\/uploads\/2023\/08\/FICS.jpg.webp\" \/>\n\t<meta property=\"og:image:width\" content=\"821\" \/>\n\t<meta property=\"og:image:height\" content=\"312\" \/>\n\t<meta property=\"og:image:type\" content=\"image\/webp\" \/>\n<meta name=\"author\" content=\"Andrea Villafranca comunicaciones\" \/>\n<meta name=\"twitter:card\" content=\"summary_large_image\" \/>\n<meta name=\"twitter:creator\" content=\"@WFDFI_\" \/>\n<meta name=\"twitter:site\" content=\"@WFDFI_\" \/>\n<meta name=\"twitter:label1\" content=\"Escrito por\" \/>\n\t<meta name=\"twitter:data1\" content=\"Andrea Villafranca comunicaciones\" \/>\n\t<meta name=\"twitter:label2\" content=\"Tiempo de lectura\" \/>\n\t<meta name=\"twitter:data2\" content=\"3 minutos\" \/>\n<script type=\"application\/ld+json\" class=\"yoast-schema-graph\">{\"@context\":\"https:\/\/schema.org\",\"@graph\":[{\"@type\":\"Article\",\"@id\":\"https:\/\/wfdfi.org\/es\/smes-financial-inclusion-sustainable-infrastructure-climate-change-and-biodiversity-will-be-on-the-agenda-at-the-world-summit-of-public-development-banks-in-cartagena\/#article\",\"isPartOf\":{\"@id\":\"https:\/\/wfdfi.org\/es\/smes-financial-inclusion-sustainable-infrastructure-climate-change-and-biodiversity-will-be-on-the-agenda-at-the-world-summit-of-public-development-banks-in-cartagena\/\"},\"author\":{\"name\":\"Andrea Villafranca comunicaciones\",\"@id\":\"https:\/\/wfdfi.org\/#\/schema\/person\/79bba90efc57f8702edd5344ec46c5dc\"},\"headline\":\"SMEs, financial inclusion, sustainable infrastructure, climate change, and biodiversity will be on the agenda at the World Summit of PDB in Cartagena\",\"datePublished\":\"2023-08-10T21:31:38+00:00\",\"dateModified\":\"2025-01-23T21:17:07+00:00\",\"mainEntityOfPage\":{\"@id\":\"https:\/\/wfdfi.org\/es\/smes-financial-inclusion-sustainable-infrastructure-climate-change-and-biodiversity-will-be-on-the-agenda-at-the-world-summit-of-public-development-banks-in-cartagena\/\"},\"wordCount\":689,\"commentCount\":0,\"publisher\":{\"@id\":\"https:\/\/wfdfi.org\/#organization\"},\"image\":{\"@id\":\"https:\/\/wfdfi.org\/es\/smes-financial-inclusion-sustainable-infrastructure-climate-change-and-biodiversity-will-be-on-the-agenda-at-the-world-summit-of-public-development-banks-in-cartagena\/#primaryimage\"},\"thumbnailUrl\":\"https:\/\/wfdfi.org\/wp-content\/uploads\/2023\/08\/FICS.jpg.webp\",\"articleSection\":[\"ALIDE\",\"Members News\"],\"inLanguage\":\"es\",\"potentialAction\":[{\"@type\":\"CommentAction\",\"name\":\"Comment\",\"target\":[\"https:\/\/wfdfi.org\/es\/smes-financial-inclusion-sustainable-infrastructure-climate-change-and-biodiversity-will-be-on-the-agenda-at-the-world-summit-of-public-development-banks-in-cartagena\/#respond\"]}]},{\"@type\":\"WebPage\",\"@id\":\"https:\/\/wfdfi.org\/es\/smes-financial-inclusion-sustainable-infrastructure-climate-change-and-biodiversity-will-be-on-the-agenda-at-the-world-summit-of-public-development-banks-in-cartagena\/\",\"url\":\"https:\/\/wfdfi.org\/es\/smes-financial-inclusion-sustainable-infrastructure-climate-change-and-biodiversity-will-be-on-the-agenda-at-the-world-summit-of-public-development-banks-in-cartagena\/\",\"name\":\"SMEs, financial inclusion, sustainable infrastructure, climate change, and biodiversity will be on the agenda at the World Summit of PDB in Cartagena - World Federation of Development Financing Institutions\",\"isPartOf\":{\"@id\":\"https:\/\/wfdfi.org\/#website\"},\"primaryImageOfPage\":{\"@id\":\"https:\/\/wfdfi.org\/es\/smes-financial-inclusion-sustainable-infrastructure-climate-change-and-biodiversity-will-be-on-the-agenda-at-the-world-summit-of-public-development-banks-in-cartagena\/#primaryimage\"},\"image\":{\"@id\":\"https:\/\/wfdfi.org\/es\/smes-financial-inclusion-sustainable-infrastructure-climate-change-and-biodiversity-will-be-on-the-agenda-at-the-world-summit-of-public-development-banks-in-cartagena\/#primaryimage\"},\"thumbnailUrl\":\"https:\/\/wfdfi.org\/wp-content\/uploads\/2023\/08\/FICS.jpg.webp\",\"datePublished\":\"2023-08-10T21:31:38+00:00\",\"dateModified\":\"2025-01-23T21:17:07+00:00\",\"breadcrumb\":{\"@id\":\"https:\/\/wfdfi.org\/es\/smes-financial-inclusion-sustainable-infrastructure-climate-change-and-biodiversity-will-be-on-the-agenda-at-the-world-summit-of-public-development-banks-in-cartagena\/#breadcrumb\"},\"inLanguage\":\"es\",\"potentialAction\":[{\"@type\":\"ReadAction\",\"target\":[\"https:\/\/wfdfi.org\/es\/smes-financial-inclusion-sustainable-infrastructure-climate-change-and-biodiversity-will-be-on-the-agenda-at-the-world-summit-of-public-development-banks-in-cartagena\/\"]}]},{\"@type\":\"ImageObject\",\"inLanguage\":\"es\",\"@id\":\"https:\/\/wfdfi.org\/es\/smes-financial-inclusion-sustainable-infrastructure-climate-change-and-biodiversity-will-be-on-the-agenda-at-the-world-summit-of-public-development-banks-in-cartagena\/#primaryimage\",\"url\":\"https:\/\/wfdfi.org\/wp-content\/uploads\/2023\/08\/FICS.jpg.webp\",\"contentUrl\":\"https:\/\/wfdfi.org\/wp-content\/uploads\/2023\/08\/FICS.jpg.webp\",\"width\":821,\"height\":312},{\"@type\":\"BreadcrumbList\",\"@id\":\"https:\/\/wfdfi.org\/es\/smes-financial-inclusion-sustainable-infrastructure-climate-change-and-biodiversity-will-be-on-the-agenda-at-the-world-summit-of-public-development-banks-in-cartagena\/#breadcrumb\",\"itemListElement\":[{\"@type\":\"ListItem\",\"position\":1,\"name\":\"Portada\",\"item\":\"https:\/\/wfdfi.org\/\"},{\"@type\":\"ListItem\",\"position\":2,\"name\":\"SMEs, financial inclusion, sustainable infrastructure, climate change, and biodiversity will be on the agenda at the World Summit of PDB in Cartagena\"}]},{\"@type\":\"WebSite\",\"@id\":\"https:\/\/wfdfi.org\/#website\",\"url\":\"https:\/\/wfdfi.org\/\",\"name\":\"World Federation of Development Financing Institutions\",\"description\":\"\",\"publisher\":{\"@id\":\"https:\/\/wfdfi.org\/#organization\"},\"potentialAction\":[{\"@type\":\"SearchAction\",\"target\":{\"@type\":\"EntryPoint\",\"urlTemplate\":\"https:\/\/wfdfi.org\/?s={search_term_string}\"},\"query-input\":{\"@type\":\"PropertyValueSpecification\",\"valueRequired\":true,\"valueName\":\"search_term_string\"}}],\"inLanguage\":\"es\"},{\"@type\":\"Organization\",\"@id\":\"https:\/\/wfdfi.org\/#organization\",\"name\":\"World Federation of Development Financing Institutions\",\"url\":\"https:\/\/wfdfi.org\/\",\"logo\":{\"@type\":\"ImageObject\",\"inLanguage\":\"es\",\"@id\":\"https:\/\/wfdfi.org\/#\/schema\/logo\/image\/\",\"url\":\"https:\/\/wfdfi.org\/wp-content\/uploads\/2024\/12\/logo.png\",\"contentUrl\":\"https:\/\/wfdfi.org\/wp-content\/uploads\/2024\/12\/logo.png\",\"width\":432,\"height\":114,\"caption\":\"World Federation of Development Financing Institutions\"},\"image\":{\"@id\":\"https:\/\/wfdfi.org\/#\/schema\/logo\/image\/\"},\"sameAs\":[\"https:\/\/x.com\/WFDFI_\",\"https:\/\/www.linkedin.com\/company\/wfdfi\"]},{\"@type\":\"Person\",\"@id\":\"https:\/\/wfdfi.org\/#\/schema\/person\/79bba90efc57f8702edd5344ec46c5dc\",\"name\":\"Andrea Villafranca comunicaciones\",\"image\":{\"@type\":\"ImageObject\",\"inLanguage\":\"es\",\"@id\":\"https:\/\/wfdfi.org\/#\/schema\/person\/image\/\",\"url\":\"https:\/\/secure.gravatar.com\/avatar\/351480c4017aa4acf2b40fa2b391f5a0c82d1036a5d9046580ab3576c12dd21e?s=96&d=mm&r=g\",\"contentUrl\":\"https:\/\/secure.gravatar.com\/avatar\/351480c4017aa4acf2b40fa2b391f5a0c82d1036a5d9046580ab3576c12dd21e?s=96&d=mm&r=g\",\"caption\":\"Andrea Villafranca comunicaciones\"},\"url\":\"https:\/\/wfdfi.org\/es\/author\/andrea-villafranca-comunicaciones\/\"}]}<\/script>\n<!-- \/ Yoast SEO plugin. -->","yoast_head_json":{"title":"SMEs, financial inclusion, sustainable infrastructure, climate change, and biodiversity will be on the agenda at the World Summit of PDB in Cartagena - World Federation of Development Financing Institutions","robots":{"index":"index","follow":"follow","max-snippet":"max-snippet:-1","max-image-preview":"max-image-preview:large","max-video-preview":"max-video-preview:-1"},"canonical":"https:\/\/wfdfi.org\/es\/smes-financial-inclusion-sustainable-infrastructure-climate-change-and-biodiversity-will-be-on-the-agenda-at-the-world-summit-of-public-development-banks-in-cartagena\/","og_locale":"es_ES","og_type":"article","og_title":"SMEs, financial inclusion, sustainable infrastructure, climate change, and biodiversity will be on the agenda at the World Summit of PDB in Cartagena - World Federation of Development Financing Institutions","og_description":"The agenda for FiCS\u00a02023 will focus on four main topics: SMEs and financial inclusion, climate change and biodiversity, sustainable infrastructure, and the institutional agenda of\u00a0PDBs. The\u00a0FiCS\u00a02023\u00a0will\u00a0consolidate\u00a0new alliances\u00a0and\u00a0innovation\u00a0for the next generation of development\u00a0financing.\u00a0\u00a0 Bogot\u00e1, June 30, 2023-\u00a0Representatives of a hundred countries, including forty heads of state and government, as well as other stakeholders gathered for a [&hellip;]","og_url":"https:\/\/wfdfi.org\/es\/smes-financial-inclusion-sustainable-infrastructure-climate-change-and-biodiversity-will-be-on-the-agenda-at-the-world-summit-of-public-development-banks-in-cartagena\/","og_site_name":"World Federation of Development Financing Institutions","article_published_time":"2023-08-10T21:31:38+00:00","article_modified_time":"2025-01-23T21:17:07+00:00","og_image":[{"width":821,"height":312,"url":"https:\/\/wfdfi.org\/wp-content\/uploads\/2023\/08\/FICS.jpg.webp","type":"image\/webp"}],"author":"Andrea Villafranca comunicaciones","twitter_card":"summary_large_image","twitter_creator":"@WFDFI_","twitter_site":"@WFDFI_","twitter_misc":{"Escrito por":"Andrea Villafranca comunicaciones","Tiempo de lectura":"3 minutos"},"schema":{"@context":"https:\/\/schema.org","@graph":[{"@type":"Article","@id":"https:\/\/wfdfi.org\/es\/smes-financial-inclusion-sustainable-infrastructure-climate-change-and-biodiversity-will-be-on-the-agenda-at-the-world-summit-of-public-development-banks-in-cartagena\/#article","isPartOf":{"@id":"https:\/\/wfdfi.org\/es\/smes-financial-inclusion-sustainable-infrastructure-climate-change-and-biodiversity-will-be-on-the-agenda-at-the-world-summit-of-public-development-banks-in-cartagena\/"},"author":{"name":"Andrea Villafranca comunicaciones","@id":"https:\/\/wfdfi.org\/#\/schema\/person\/79bba90efc57f8702edd5344ec46c5dc"},"headline":"SMEs, financial inclusion, sustainable infrastructure, climate change, and biodiversity will be on the agenda at the World Summit of PDB in Cartagena","datePublished":"2023-08-10T21:31:38+00:00","dateModified":"2025-01-23T21:17:07+00:00","mainEntityOfPage":{"@id":"https:\/\/wfdfi.org\/es\/smes-financial-inclusion-sustainable-infrastructure-climate-change-and-biodiversity-will-be-on-the-agenda-at-the-world-summit-of-public-development-banks-in-cartagena\/"},"wordCount":689,"commentCount":0,"publisher":{"@id":"https:\/\/wfdfi.org\/#organization"},"image":{"@id":"https:\/\/wfdfi.org\/es\/smes-financial-inclusion-sustainable-infrastructure-climate-change-and-biodiversity-will-be-on-the-agenda-at-the-world-summit-of-public-development-banks-in-cartagena\/#primaryimage"},"thumbnailUrl":"https:\/\/wfdfi.org\/wp-content\/uploads\/2023\/08\/FICS.jpg.webp","articleSection":["ALIDE","Members News"],"inLanguage":"es","potentialAction":[{"@type":"CommentAction","name":"Comment","target":["https:\/\/wfdfi.org\/es\/smes-financial-inclusion-sustainable-infrastructure-climate-change-and-biodiversity-will-be-on-the-agenda-at-the-world-summit-of-public-development-banks-in-cartagena\/#respond"]}]},{"@type":"WebPage","@id":"https:\/\/wfdfi.org\/es\/smes-financial-inclusion-sustainable-infrastructure-climate-change-and-biodiversity-will-be-on-the-agenda-at-the-world-summit-of-public-development-banks-in-cartagena\/","url":"https:\/\/wfdfi.org\/es\/smes-financial-inclusion-sustainable-infrastructure-climate-change-and-biodiversity-will-be-on-the-agenda-at-the-world-summit-of-public-development-banks-in-cartagena\/","name":"SMEs, financial inclusion, sustainable infrastructure, climate change, and biodiversity will be on the agenda at the World Summit of PDB in Cartagena - World Federation of Development Financing Institutions","isPartOf":{"@id":"https:\/\/wfdfi.org\/#website"},"primaryImageOfPage":{"@id":"https:\/\/wfdfi.org\/es\/smes-financial-inclusion-sustainable-infrastructure-climate-change-and-biodiversity-will-be-on-the-agenda-at-the-world-summit-of-public-development-banks-in-cartagena\/#primaryimage"},"image":{"@id":"https:\/\/wfdfi.org\/es\/smes-financial-inclusion-sustainable-infrastructure-climate-change-and-biodiversity-will-be-on-the-agenda-at-the-world-summit-of-public-development-banks-in-cartagena\/#primaryimage"},"thumbnailUrl":"https:\/\/wfdfi.org\/wp-content\/uploads\/2023\/08\/FICS.jpg.webp","datePublished":"2023-08-10T21:31:38+00:00","dateModified":"2025-01-23T21:17:07+00:00","breadcrumb":{"@id":"https:\/\/wfdfi.org\/es\/smes-financial-inclusion-sustainable-infrastructure-climate-change-and-biodiversity-will-be-on-the-agenda-at-the-world-summit-of-public-development-banks-in-cartagena\/#breadcrumb"},"inLanguage":"es","potentialAction":[{"@type":"ReadAction","target":["https:\/\/wfdfi.org\/es\/smes-financial-inclusion-sustainable-infrastructure-climate-change-and-biodiversity-will-be-on-the-agenda-at-the-world-summit-of-public-development-banks-in-cartagena\/"]}]},{"@type":"ImageObject","inLanguage":"es","@id":"https:\/\/wfdfi.org\/es\/smes-financial-inclusion-sustainable-infrastructure-climate-change-and-biodiversity-will-be-on-the-agenda-at-the-world-summit-of-public-development-banks-in-cartagena\/#primaryimage","url":"https:\/\/wfdfi.org\/wp-content\/uploads\/2023\/08\/FICS.jpg.webp","contentUrl":"https:\/\/wfdfi.org\/wp-content\/uploads\/2023\/08\/FICS.jpg.webp","width":821,"height":312},{"@type":"BreadcrumbList","@id":"https:\/\/wfdfi.org\/es\/smes-financial-inclusion-sustainable-infrastructure-climate-change-and-biodiversity-will-be-on-the-agenda-at-the-world-summit-of-public-development-banks-in-cartagena\/#breadcrumb","itemListElement":[{"@type":"ListItem","position":1,"name":"Portada","item":"https:\/\/wfdfi.org\/"},{"@type":"ListItem","position":2,"name":"SMEs, financial inclusion, sustainable infrastructure, climate change, and biodiversity will be on the agenda at the World Summit of PDB in Cartagena"}]},{"@type":"WebSite","@id":"https:\/\/wfdfi.org\/#website","url":"https:\/\/wfdfi.org\/","name":"World Federation of Development Financing Institutions","description":"","publisher":{"@id":"https:\/\/wfdfi.org\/#organization"},"potentialAction":[{"@type":"SearchAction","target":{"@type":"EntryPoint","urlTemplate":"https:\/\/wfdfi.org\/?s={search_term_string}"},"query-input":{"@type":"PropertyValueSpecification","valueRequired":true,"valueName":"search_term_string"}}],"inLanguage":"es"},{"@type":"Organization","@id":"https:\/\/wfdfi.org\/#organization","name":"World Federation of Development Financing Institutions","url":"https:\/\/wfdfi.org\/","logo":{"@type":"ImageObject","inLanguage":"es","@id":"https:\/\/wfdfi.org\/#\/schema\/logo\/image\/","url":"https:\/\/wfdfi.org\/wp-content\/uploads\/2024\/12\/logo.png","contentUrl":"https:\/\/wfdfi.org\/wp-content\/uploads\/2024\/12\/logo.png","width":432,"height":114,"caption":"World Federation of Development Financing Institutions"},"image":{"@id":"https:\/\/wfdfi.org\/#\/schema\/logo\/image\/"},"sameAs":["https:\/\/x.com\/WFDFI_","https:\/\/www.linkedin.com\/company\/wfdfi"]},{"@type":"Person","@id":"https:\/\/wfdfi.org\/#\/schema\/person\/79bba90efc57f8702edd5344ec46c5dc","name":"Andrea Villafranca comunicaciones","image":{"@type":"ImageObject","inLanguage":"es","@id":"https:\/\/wfdfi.org\/#\/schema\/person\/image\/","url":"https:\/\/secure.gravatar.com\/avatar\/351480c4017aa4acf2b40fa2b391f5a0c82d1036a5d9046580ab3576c12dd21e?s=96&d=mm&r=g","contentUrl":"https:\/\/secure.gravatar.com\/avatar\/351480c4017aa4acf2b40fa2b391f5a0c82d1036a5d9046580ab3576c12dd21e?s=96&d=mm&r=g","caption":"Andrea Villafranca comunicaciones"},"url":"https:\/\/wfdfi.org\/es\/author\/andrea-villafranca-comunicaciones\/"}]}},"_links":{"self":[{"href":"https:\/\/wfdfi.org\/es\/wp-json\/wp\/v2\/posts\/6557","targetHints":{"allow":["GET"]}}],"collection":[{"href":"https:\/\/wfdfi.org\/es\/wp-json\/wp\/v2\/posts"}],"about":[{"href":"https:\/\/wfdfi.org\/es\/wp-json\/wp\/v2\/types\/post"}],"author":[{"embeddable":true,"href":"https:\/\/wfdfi.org\/es\/wp-json\/wp\/v2\/users\/3"}],"replies":[{"embeddable":true,"href":"https:\/\/wfdfi.org\/es\/wp-json\/wp\/v2\/comments?post=6557"}],"version-history":[{"count":1,"href":"https:\/\/wfdfi.org\/es\/wp-json\/wp\/v2\/posts\/6557\/revisions"}],"predecessor-version":[{"id":7895,"href":"https:\/\/wfdfi.org\/es\/wp-json\/wp\/v2\/posts\/6557\/revisions\/7895"}],"wp:featuredmedia":[{"embeddable":true,"href":"https:\/\/wfdfi.org\/es\/wp-json\/wp\/v2\/media\/7892"}],"wp:attachment":[{"href":"https:\/\/wfdfi.org\/es\/wp-json\/wp\/v2\/media?parent=6557"}],"wp:term":[{"taxonomy":"category","embeddable":true,"href":"https:\/\/wfdfi.org\/es\/wp-json\/wp\/v2\/categories?post=6557"},{"taxonomy":"post_tag","embeddable":true,"href":"https:\/\/wfdfi.org\/es\/wp-json\/wp\/v2\/tags?post=6557"}],"curies":[{"name":"wp","href":"https:\/\/api.w.org\/{rel}","templated":true}]}}